{"id":187,"date":"2025-09-12T08:35:24","date_gmt":"2025-09-12T08:35:24","guid":{"rendered":"https:\/\/matto-barfuss-stiftung.de\/de\/?p=187"},"modified":"2025-09-12T08:35:24","modified_gmt":"2025-09-12T08:35:24","slug":"die-erste-stiftungsveranstaltung-in-wuestenrot","status":"publish","type":"post","link":"https:\/\/matto-barfuss-stiftung.de\/de\/die-erste-stiftungsveranstaltung-in-wuestenrot\/","title":{"rendered":"Die erste Stiftungsveranstaltung in W\u00fcstenrot"},"content":{"rendered":"\n<figure class=\"wp-block-image size-large\"><img loading=\"lazy\" decoding=\"async\" width=\"1024\" height=\"683\" src=\"https:\/\/matto-barfuss-stiftung.de\/wp-content\/uploads\/2025\/07\/P1170947-Kopie-1024x683.jpeg\" alt=\"Globale Verantwortung Artenschutz\" class=\"wp-image-84\" srcset=\"https:\/\/matto-barfuss-stiftung.de\/wp-content\/uploads\/2025\/07\/P1170947-Kopie-1024x683.jpeg 1024w, https:\/\/matto-barfuss-stiftung.de\/wp-content\/uploads\/2025\/07\/P1170947-Kopie-300x200.jpeg 300w, https:\/\/matto-barfuss-stiftung.de\/wp-content\/uploads\/2025\/07\/P1170947-Kopie-768x512.jpeg 768w, https:\/\/matto-barfuss-stiftung.de\/wp-content\/uploads\/2025\/07\/P1170947-Kopie-1536x1024.jpeg 1536w, https:\/\/matto-barfuss-stiftung.de\/wp-content\/uploads\/2025\/07\/P1170947-Kopie.jpeg 1920w\" sizes=\"auto, (max-width: 1024px) 100vw, 1024px\" \/><\/figure>\n\n\n\n<p>Diese Veranstaltung ist nun schon l\u00e4nger geplant und wird tats\u00e4chlich nun die erste Veranstaltung der \u201aMatto Barfuss Stiftung\u2018 organisiert von dem F\u00f6rderverein der Georg-Kropp-Schule in W\u00fcstenrot. Ein herzliches Dankesch\u00f6n an dieser Stelle.<\/p>\n\n\n\n<p><\/p>\n\n\n\n<p>Am 16.10 wird es einen Aktionstag \u201eGlobale Verantwortung Artenschutz\u201c in der Schule geben. Ziel ist, ein weiteres Kapitel in dem Wildlife-Schulbuch f\u00fcr Afrika zu erarbeiten. Wir sind gespannt, auf welche Ideen die Sch\u00fcler nach einem ausf\u00fchrlichen Input durch uns kommen.Das interaktive Wildlife-Schulbuch bietet ja eine ganze Bandbreite an M\u00f6glichkeiten von klassischen Textbeitr\u00e4gen bis hin zu Filmen.<\/p>\n\n\n\n<p>W\u00e4hrend die Sch\u00fcler mit einem Kurzvortrag in das Thema eingef\u00fchrt werden, gibt es dann am Samstag, den 18.10.2025 um 19 Uhr die gro\u00dfe Multivision \u201eWild und Weit &#8211; \u00fcber 30 Jahre Afrika\u201c in der Georg-Kropp Halle in W\u00fcstenrot. Der Eintritt ist frei bzw. gegen Spende. Ihr werdet in ein wunderbares Afrika \u201eentf\u00fchrt\u201c und bekommt eine sehr emotionale, mit tollen Filmen und Bildern unterlegte Idee, wie sich die Artenvielfalt auf dem afrikanischen Kontinent entwickelt.<\/p>\n\n\n\n<p>Wir w\u00fcrden uns als Stiftung sehr freuen, wenn sich Unternehmen und Privatleute f\u00fcr diesen Event als Unterst\u00fctzer melden.<\/p>\n\n\n\n<p>Kontakt: <a href=\"mailto:mail@matto-barfuss.de\">mail@matto-barfuss.de<\/a><\/p>\n\n\n\n<p><\/p>\n\n\n\n<p>Hier die Brosch\u00fcre <a href=\"https:\/\/matto-barfuss-stiftung.de\/wp-content\/uploads\/2025\/09\/GO-Projekt-Artenvielfalt-und-globale-Verantwortung.pdf\" target=\"_blank\" rel=\"noreferrer noopener\">&#8222;Globale Verantwortung Artenschutz&#8220;<\/a><\/p>\n\n\n<div class=\"wp-block-image\">\n<figure class=\"aligncenter size-large is-resized\"><img loading=\"lazy\" decoding=\"async\" width=\"724\" height=\"1024\" src=\"https:\/\/matto-barfuss-stiftung.de\/wp-content\/uploads\/2025\/09\/GO-Projekt-Artenvielfalt-und-globale-Verantwortung-1-pdf-724x1024.jpg\" alt=\"\" class=\"wp-image-189\" style=\"width:214px;height:auto\"\/><\/figure>\n<\/div>","protected":false},"excerpt":{"rendered":"<p>Diese Veranstaltung ist nun schon l\u00e4nger geplant und wird tats\u00e4chlich nun die erste Veranstaltung der \u201aMatto Barfuss Stiftung\u2018 organisiert von dem F\u00f6rderverein der Georg-Kropp-Schule in W\u00fcstenrot. Ein herzliches Dankesch\u00f6n an dieser Stelle. Am 16.10 wird es einen Aktionstag \u201eGlobale Verantwortung Artenschutz\u201c in der Schule geben. Ziel ist, ein weiteres Kapitel in dem Wildlife-Schulbuch f\u00fcr Afrika [&hellip;]<\/p>\n","protected":false},"author":1,"featured_media":119,"comment_status":"open","ping_status":"open","sticky":false,"template":"","format":"standard","meta":{"_coblocks_attr":"","_coblocks_dimensions":"","_coblocks_responsive_height":"","_coblocks_accordion_ie_support":"","hide_page_title":"","footnotes":""},"categories":[7],"tags":[6,4,5],"class_list":["post-187","post","type-post","status-publish","format-standard","has-post-thumbnail","hentry","category-events","tag-artenschutz","tag-globale-verantwortung","tag-schule"],"_links":{"self":[{"href":"https:\/\/matto-barfuss-stiftung.de\/de\/wp-json\/wp\/v2\/posts\/187","targetHints":{"allow":["GET"]}}],"collection":[{"href":"https:\/\/matto-barfuss-stiftung.de\/de\/wp-json\/wp\/v2\/posts"}],"about":[{"href":"https:\/\/matto-barfuss-stiftung.de\/de\/wp-json\/wp\/v2\/types\/post"}],"author":[{"embeddable":true,"href":"https:\/\/matto-barfuss-stiftung.de\/de\/wp-json\/wp\/v2\/users\/1"}],"replies":[{"embeddable":true,"href":"https:\/\/matto-barfuss-stiftung.de\/de\/wp-json\/wp\/v2\/comments?post=187"}],"version-history":[{"count":1,"href":"https:\/\/matto-barfuss-stiftung.de\/de\/wp-json\/wp\/v2\/posts\/187\/revisions"}],"predecessor-version":[{"id":190,"href":"https:\/\/matto-barfuss-stiftung.de\/de\/wp-json\/wp\/v2\/posts\/187\/revisions\/190"}],"wp:featuredmedia":[{"embeddable":true,"href":"https:\/\/matto-barfuss-stiftung.de\/de\/wp-json\/wp\/v2\/media\/119"}],"wp:attachment":[{"href":"https:\/\/matto-barfuss-stiftung.de\/de\/wp-json\/wp\/v2\/media?parent=187"}],"wp:term":[{"taxonomy":"category","embeddable":true,"href":"https:\/\/matto-barfuss-stiftung.de\/de\/wp-json\/wp\/v2\/categories?post=187"},{"taxonomy":"post_tag","embeddable":true,"href":"https:\/\/matto-barfuss-stiftung.de\/de\/wp-json\/wp\/v2\/tags?post=187"}],"curies":[{"name":"wp","href":"https:\/\/api.w.org\/{rel}","templated":true}]}}